{"id":1937,"date":"2023-05-05T18:10:45","date_gmt":"2023-05-05T15:10:45","guid":{"rendered":"http:\/\/www.sosiologi.fi\/?p=1937"},"modified":"2023-05-05T18:10:47","modified_gmt":"2023-05-05T15:10:47","slug":"kirjoittajakutsu-politiikan-sosiologiaa-tiedon-ja-epailyksen-nakokulmasta","status":"publish","type":"post","link":"https:\/\/www.sosiologi.fi\/?p=1937","title":{"rendered":"Kirjoittajakutsu: Politiikan sosiologiaa tiedon ja ep\u00e4ilyksen n\u00e4k\u00f6kulmasta"},"content":{"rendered":"\n<p>Arvoisa lukija- ja kirjoittajakuntamme,<\/p>\n\n\n\n<p>Vuoden 2023 ensimm\u00e4isen numeron teema on politiikan sosiologia rajautuen tiedon ja ep\u00e4ilyksen n\u00e4k\u00f6kulmaan. Lehden teema mukailee Sosiologip\u00e4ivien 2023 teemaa Tieto ja ep\u00e4ilys. Sosiologia voidaan n\u00e4hd\u00e4 maailman ymm\u00e4rt\u00e4misen v\u00e4lineen\u00e4 ja t\u00e4m\u00e4n teemanumeron tarkoituksena on nostaa politiikka sosiologisen tarkastelun ja ymm\u00e4rt\u00e4misen kohteeksi.\u00a0 Aiheena politiikka on nyt erityisen ajankohtainen, sek\u00e4 se on vahvasti liitoksissa tiedon ja ep\u00e4ilyksen tematiikkaan.<\/p>\n\n\n\n<p>T\u00e4m\u00e4n teemanumeron alle toivomme saavamme runsain mitoin tekstej\u00e4 politiikan, tiedon ja ep\u00e4ilyksen v\u00e4lisist\u00e4 dynamiikoista ja ulottuvuuksista. Politiikan, tiedon ja ep\u00e4ilyksen kautta on mahdollista pohtia ulossulkemisia, erontekoa ja itse toimijoita unohtamatta tiedon ja ep\u00e4ilyksen tuottajia ja vastaanottajia. Kannustamme pohtimaan esimerkiksi tiedontuottamisen ja politiikan v\u00e4list\u00e4 rajapintaa, tieteellisen tiedon vaikuttavuutta, tai sit\u00e4 miten tieto ja ep\u00e4ilys el\u00e4v\u00e4t rintarinnan nykyp\u00e4iv\u00e4n demokraattisessa j\u00e4rjestelm\u00e4ss\u00e4. Sosiologia haastaa huomaamaan ja kyseenalaistamaan politiikkaan liittyv\u00e4\u00e4 vallank\u00e4ytt\u00f6\u00e4 ja valta-asemia. Ajankohtaista olisi my\u00f6s pohtia t\u00e4m\u00e4n kev\u00e4\u00e4n vaaleja, vaaliteemoja ja \u00e4\u00e4nestysk\u00e4ytt\u00e4ytymist\u00e4. Kansalaisyhteiskunnan roolin merkitys korostuu my\u00f6s nyky-yhteiskunnassa, jonka puolesta kiinnostavaa olisi my\u00f6s pohtia kansalaisvaikuttamista. Kuinka politiikka, poliittinen osallistuminen ja aktiivisuus liittyv\u00e4t oikeassa olemisen kamppailuihin? Ketk\u00e4 kokevat tiet\u00e4v\u00e4ns\u00e4 ja keiden \u00e4\u00e4ni kuuluu yhteiskunnassa? Ket\u00e4 uskaltavat tai kehtaavat vaikuttaa?<\/p>\n\n\n\n<p>Tarkastelun ja ymm\u00e4rt\u00e4misen kohteeksi voidaan nostaa my\u00f6s kansainv\u00e4lisen politiikan dynamiikat ja ulottuvuudet.&nbsp; Tarkastelun kohteeksi voisi esimerkiksi valita rajojen ja toiseuden tuottamisen. T\u00e4ll\u00f6in voisi sosiologisesti pohtia esimerkiksi globaalin muuttoliikkeen kontrollointia ja hallintaa tai suvereenien kansallisvaltioiden roolia maailmanpolitiikan kent\u00e4ll\u00e4. Politiikan kentt\u00e4\u00e4n kuuluvat vahvasti niin identiteettikysymykset kuin juridisetkin kysymykset.&nbsp; Kuinka maailmankuvia ja j\u00e4rjestyst\u00e4 yll\u00e4pidet\u00e4\u00e4n ja tuotetaan? Millaisten rationaliteettien kautta turvallisia tiloja tuotetaan globaalisti tai lokaalisti, ja kenelle? Ovatko tieto ja ep\u00e4ilys toisilleen vastakkaisia asioita, vai voiko ep\u00e4ilys liitty\u00e4 inhimillisiin ulottuvuuksiin, joita tieto ei aina tavoita? Millainen rooli puolestaan medialla on poliittisen kent\u00e4n muotoutumisessa ja kansanliikuttajana? Ent\u00e4p\u00e4 millainen vaikutus (tiedon\/ep\u00e4ilyksen) v\u00e4litt\u00e4misen muodolla ja viestinn\u00e4ll\u00e4 on?<\/p>\n\n\n\n<p>Toivomme julkaistavaksi monipuolisia tekstej\u00e4. Sosiologi-lehti toimii opiskelijoiden matalankynnyksen kirjoittamisen alustana. Tekstit voivat olla esimerkiksi sosiologisia tieteellisi\u00e4 tekstej\u00e4 tai esseit\u00e4, vapaamuotoisempia kolumneja, kirja-arvosteluja tai runoja.<\/p>\n\n\n\n<p>Kirjoittajakutsu on auki 31.5.2023 saakka. Valmiit tekstit voit l\u00e4hett\u00e4\u00e4 osoitteeseen <a href=\"mailto:sosiologilehti@gmail.com\">sosiologilehti@gmail.com<\/a><\/p>\n\n\n\n<p>Kiitos!<\/p>\n\n\n\n<p>Aurinkoisin terveisin Sosiologi-lehden toimituskunta<\/p>\n\n\n\n<p>Kaisa &amp; Tiia<\/p>\n\n\n\n<p><\/p>\n","protected":false},"excerpt":{"rendered":"<p>Arvoisa lukija- ja kirjoittajakuntamme, Vuoden 2023 ensimm\u00e4isen numeron teema on politiikan sosiologia rajautuen tiedon ja ep\u00e4ilyksen n\u00e4k\u00f6kulmaan. Lehden teema mukailee Sosiologip\u00e4ivien 2023 teemaa Tieto ja ep\u00e4ilys. Sosiologia voidaan n\u00e4hd\u00e4 maailman ymm\u00e4rt\u00e4misen v\u00e4lineen\u00e4 ja t\u00e4m\u00e4n teemanumeron tarkoituksena on nostaa politiikka sosiologisen tarkastelun ja ymm\u00e4rt\u00e4misen kohteeksi.\u00a0 Aiheena politiikka on nyt erityisen ajankohtainen, sek\u00e4 se on vahvasti liitoksissa &hellip; <\/p>\n","protected":false},"author":5,"featured_media":1940,"comment_status":"open","ping_status":"open","sticky":false,"template":"","format":"standard","meta":[],"categories":[13,23,1],"tags":[],"_links":{"self":[{"href":"https:\/\/www.sosiologi.fi\/index.php?rest_route=\/wp\/v2\/posts\/1937"}],"collection":[{"href":"https:\/\/www.sosiologi.fi\/index.php?rest_route=\/wp\/v2\/posts"}],"about":[{"href":"https:\/\/www.sosiologi.fi\/index.php?rest_route=\/wp\/v2\/types\/post"}],"author":[{"embeddable":true,"href":"https:\/\/www.sosiologi.fi\/index.php?rest_route=\/wp\/v2\/users\/5"}],"replies":[{"embeddable":true,"href":"https:\/\/www.sosiologi.fi\/index.php?rest_route=%2Fwp%2Fv2%2Fcomments&post=1937"}],"version-history":[{"count":2,"href":"https:\/\/www.sosiologi.fi\/index.php?rest_route=\/wp\/v2\/posts\/1937\/revisions"}],"predecessor-version":[{"id":1939,"href":"https:\/\/www.sosiologi.fi\/index.php?rest_route=\/wp\/v2\/posts\/1937\/revisions\/1939"}],"wp:featuredmedia":[{"embeddable":true,"href":"https:\/\/www.sosiologi.fi\/index.php?rest_route=\/wp\/v2\/media\/1940"}],"wp:attachment":[{"href":"https:\/\/www.sosiologi.fi\/index.php?rest_route=%2Fwp%2Fv2%2Fmedia&parent=1937"}],"wp:term":[{"taxonomy":"category","embeddable":true,"href":"https:\/\/www.sosiologi.fi\/index.php?rest_route=%2Fwp%2Fv2%2Fcategories&post=1937"},{"taxonomy":"post_tag","embeddable":true,"href":"https:\/\/www.sosiologi.fi\/index.php?rest_route=%2Fwp%2Fv2%2Ftags&post=1937"}],"curies":[{"name":"wp","href":"https:\/\/api.w.org\/{rel}","templated":true}]}}