{"id":2006,"date":"2023-12-28T12:00:00","date_gmt":"2023-12-28T10:00:00","guid":{"rendered":"https:\/\/www.sosiologi.fi\/?p=2006"},"modified":"2024-11-20T21:40:23","modified_gmt":"2024-11-20T19:40:23","slug":"hallitus-yksisarvisia-metsastamassa","status":"publish","type":"post","link":"https:\/\/www.sosiologi.fi\/?p=2006","title":{"rendered":"Hallitus yksisarvisia mets\u00e4st\u00e4m\u00e4ss\u00e4"},"content":{"rendered":"\n<p>Perussuomalaisten kansanedustaja Jorma Piisinen perusteli ty\u00f6tt\u00f6myysturvan heikent\u00e4misen tarvetta seuraavin sanoin: <em>\u201dMutta erityisen tarkkana meid\u00e4n tulisi olla nimenomaan n\u00e4iden omaehtoisesti ty\u00f6tt\u00f6m\u00e4n\u00e4 olevien ihmisten suhteen, eli heit\u00e4 pit\u00e4isi nyt vastuuttaa, jotta heill\u00e4 olisi nimenomaan mahdollisuus t\u00e4m\u00e4n hyvinvointiyhteiskunnan yll\u00e4pit\u00e4miseen omalla panoksellaan sen sijaan, ett\u00e4 heille sallitaan joutenolo ty\u00f6t\u00e4 tekevien kustannuksella\u201d <\/em>(Karkkola, 2023). Kansanedustaja Piisinen viittasi aikaisemmin puheenvuorossaan ideologisesti ty\u00f6tt\u00f6miin, joista h\u00e4n oli tiedotusv\u00e4li-neiss\u00e4 lukenut. Kyse on moraalisesta puheesta, jolla pyrit\u00e4\u00e4n perustelemaan sosiaaliturvaleikkauksia. N\u00e4iden perustelujen mukaan on j\u00e4rkev\u00e4\u00e4 tiukentaa ty\u00f6tt\u00f6mien sosiaaliturvaa, koska suuri m\u00e4\u00e4r\u00e4 ihmisi\u00e4 k\u00e4ytt\u00e4\u00e4 hyv\u00e4kseen sosiaalitukij\u00e4rjestelm\u00e4\u00e4.<\/p>\n\n\n\n<p>Ty\u00f6llisyyspalveluiden arjesta k\u00e4sin katsottuna ideologinen ty\u00f6st\u00e4 kielt\u00e4ytyminen on kuitenkin varsin marginaalinen ilmi\u00f6. Ty\u00f6skentelen itse ty\u00f6llisyyspalveluissa, joten suoritin varsin ep\u00e4tieteellisen kahvihuonekyselyn. T\u00e4m\u00e4n kyselyn perusteella, yksik\u00e4\u00e4n ty\u00f6llisyyspalveluiden virkailija ei ollut viime aikoina tavannut ideologisista syist\u00e4 ty\u00f6st\u00e4 kielt\u00e4ytyv\u00e4\u00e4 ty\u00f6nhakijaa. Ty\u00f6tt\u00f6mi\u00e4 ty\u00f6nhakijoita oli marraskuussa 264 300 ihmist\u00e4 (Ty\u00f6- ja elinkeinoministeri\u00f6, 2023). N\u00e4in suureen joukkoon ihmisi\u00e4 mahtuu koko ihmisyyden kirjo. Varmasti siis joukkoon mahtuu my\u00f6s ideologisia ty\u00f6st\u00e4kielt\u00e4ytyji\u00e4, mutta heit\u00e4 on kaikesta p\u00e4\u00e4tellen varsin v\u00e4h\u00e4n.<\/p>\n\n\n\n<p>P\u00e4\u00e4s\u00e4\u00e4nt\u00f6isesti ty\u00f6nhakijat pyrkiv\u00e4t eteenp\u00e4in ja toivovat positiivista muutosta ty\u00f6- ja taloustilanteeseensa. Ty\u00f6markkinatuki on keskim\u00e4\u00e4rin ilman erillisi\u00e4 korotuksia 800\u20ac\/kk. Suomi on saanut viimeksi vuonna 2022 Euroopan neuvoston sosiaalisten oikeuksien komitealta nuhteita ty\u00f6markkinatuen liian alhaisesta tasosta. Euroopan sosiaalisten oikeuksien komitea on katsonut ty\u00f6markkinatuen selke\u00e4sti riitt\u00e4m\u00e4tt\u00f6m\u00e4ksi perustoimeentulon takaamiseksi. Suomen ty\u00f6tt\u00f6myysetuuden taso rikkoo Euroopan sosiaalisen peruskirjan velvoitteita, johon Suomi on my\u00f6s sitoutunut (THL, 2023, s. 64.) Ei ole siksi yll\u00e4tt\u00e4v\u00e4\u00e4, ett\u00e4 hyvin harva ty\u00f6markkinatuella el\u00e4v\u00e4 on tyytyv\u00e4inen taloudelliseen tilanteeseensa. L\u00e4ht\u00f6kohtaisesti kaikki ty\u00f6nhakijat haluavat kohti ty\u00f6el\u00e4m\u00e4\u00e4 ja samalla kohti siedett\u00e4v\u00e4mp\u00e4\u00e4 taloudellista asemaa.<\/p>\n\n\n\n<p>Eduskunnassa on perusteltu ty\u00f6tt\u00f6miin ty\u00f6nhakijoihin kohdistuvia leikkauksia sill\u00e4, ett\u00e4 ideologista ty\u00f6tt\u00f6myytt\u00e4 halutaan kitke\u00e4. T\u00e4m\u00e4n kaltaisia perusteita mieleneheys varmasti kaipaakin toiminnan tueksi, kun leikkaustoimet ajavat noin 17 000 lasta k\u00f6yhyysrajan alapuolelle (SOSTE, 2023). Ideologisesti ty\u00f6tt\u00f6mi\u00e4 kohtaan suunnitellut toimet toimivat varsin huonosti ihmisille, jotka eiv\u00e4t ty\u00f6llisty aktiivisesta yritt\u00e4misest\u00e4 huolimatta. N\u00e4m\u00e4 toimet eiv\u00e4t my\u00f6sk\u00e4\u00e4n auta niit\u00e4 ty\u00f6nhakijoita, jotka kamppailevat terveysongelmien tai p\u00e4ihdeongelmien kanssa. Hallituksen toimet osuvat yht\u00e4 hyvin pelk\u00e4st\u00e4\u00e4n ideologisesti ty\u00f6tt\u00f6miin, kuin Israelin armeijan pommitukset osuvat pelk\u00e4st\u00e4\u00e4n terroristeihin Gazan kaistalla.<\/p>\n\n\n\n<p>On my\u00f6s virheellist\u00e4 ajatella, ett\u00e4 ideologisesti ty\u00f6tt\u00f6m\u00e4t olisivat l\u00e4ht\u00f6kohtaisesti passiivisia kansalaisia. Katri Yli-Malmin (2023, s.60) mukaan ty\u00f6st\u00e4kielt\u00e4ytyj\u00e4\u00e4 voidaan pit\u00e4\u00e4 kapinallisena, joka pyrkii vastustamaan p\u00e4\u00e4oman valtaa ja k\u00e4ytt\u00e4m\u00e4\u00e4n ty\u00f6voimaansa kapitalistisen ty\u00f6n ja lis\u00e4arvontuotannon ulkopuolisiin tekemisen muotoihin. Perusajatuksen mukaan kapitalismi hy\u00f6tyy eriarvoista j\u00e4rjestelmist\u00e4 ja ty\u00f6st\u00e4kielt\u00e4ytyj\u00e4 haluaa toimia aktiivisena vastavoimana kapitalistiselle yhteiskuntaj\u00e4rjestykselle. Ty\u00f6st\u00e4kielt\u00e4ytyminen voidaankin n\u00e4in ollen n\u00e4hd\u00e4 varsin aktiivisena ja roh-keana kansalaistoimintana. Yli-Malmin (2023, s. 67) mukaan keskeist\u00e4 on n\u00e4hd\u00e4 ty\u00f6st\u00e4kielt\u00e4ymisen potentiaali tuoda esiin vallitsevan yhteiskuntaj\u00e4rjestelm\u00e4n rakenteet ja arvot. H\u00e4n my\u00f6s korostaa, ett\u00e4 ty\u00f6st\u00e4kielt\u00e4ytyminen pyrkii tuomaan tilaa enemm\u00e4n yhteis\u00f6\u00e4, yhteiskuntaa ja ymp\u00e4rist\u00f6\u00e4 hy\u00f6dytt\u00e4ville toimille. N\u00e4m\u00e4 toimet voivat liitty\u00e4 esimerkiksi ilmastokatastrofin torjumiseen, antirasistiseen toimintaan, taiteeseen ja hoivaan. Ty\u00f6st\u00e4kielt\u00e4ytymisen ideologiaan liittyy my\u00f6s ajatus vaihtoehtoisista tuotantomalleista. Tarkoitus ei ole kielt\u00e4yty\u00e4 ty\u00f6n tekemisest\u00e4 ja elannon hankkimisesta. Tuo ty\u00f6 halutaan vain tehd\u00e4 kapitalistisen mallin vastaisesti. Milt\u00e4 yhteiskuntamme mahtaisi n\u00e4ytt\u00e4\u00e4, mik\u00e4li edes puolet 264 300 ty\u00f6tt\u00f6m\u00e4st\u00e4 olisivat todella ideologisesti ty\u00f6tt\u00f6mi\u00e4? Millaista hyvinvointia reilut 100 000 aktiivista \u201dep\u00e4ty\u00f6t\u00e4\u201d tekev\u00e4\u00e4 voisivat tuottaa yhteiskuntaan tuottamalla taidetta ja hoivaa, vahvistamalla yhteis\u00f6llisyytt\u00e4 sek\u00e4 rikastuttamalla taloutta vaihtoehtoisilla tuotantoj\u00e4rjestelmill\u00e4?<\/p>\n\n\n\n<p><\/p>\n\n\n\n<p><strong><strong>Aleksi Isokoski, YTK, It\u00e4-Suomen yliopisto<\/strong> <\/strong><\/p>\n\n\n\n<p><strong>L\u00e4hteet:<\/strong><\/p>\n\n\n\n<p>Karkkola, M. (18.10.2023). PS:n Remontti-Reiska sivalsi \u201dideologisesti ty\u00f6tt\u00f6mi\u00e4\u201d \u2013 Li Andersson l\u00f6i p\u00f6yt\u00e4\u00e4n karun luvun. Kauppalehti. Haettu 22.12.2023 osoitteesta https:\/\/www.kauppalehti.fi\/uu-tiset\/psn-remontti-reiska-sivalsi-ideologisesti-tyottomia-li-andersson-loi-poytaan-karun-lu-vun\/55abbccd-4782-4eca-979a-0b1280fd1537<\/p>\n\n\n\n<p>SOSTE. 2023. Laskelmia hallituksen esitt\u00e4mien leikkausten yhteisvaikutuksista. Haettu 22.12.2023 osoitteesta https:\/\/www.soste.fi\/wp-content\/uploads\/2023\/09\/Liite180923.pdf<\/p>\n\n\n\n<p>THL. 2023. Perusturvan riitt\u00e4vyyden arviointiraportti 2019-2023. Haettu 22.12.2023 osoitteesta https:\/\/www.julkari.fi\/bitstream\/handle\/10024\/146182\/URN_ISBN_978-952-408-037-8.pdf?se-quence=1&amp;isAllowed=y<\/p>\n\n\n\n<p>Ty\u00f6- ja elinkeinoministeri\u00f6. 2023. Tiedote 22.12.2023. Haettu 22.12.2023 osoitteesta https:\/\/www.temtyollisyyskatsaus.fi\/TextBase\/Tkat\/Prs\/Tkat_fi.htm<\/p>\n\n\n\n<p>Yli-Malmi, K. (2023). Ty\u00f6st\u00e4kielt\u00e4ytymisen feministisest\u00e4 potentiaalista. Tiede &amp; edistys, 48(1), 60\u201368. https:\/\/doi.org\/10.51809\/te.127569<\/p>\n","protected":false},"excerpt":{"rendered":"<p>Perussuomalaisten kansanedustaja Jorma Piisinen perusteli ty\u00f6tt\u00f6myysturvan heikent\u00e4misen tarvetta seuraavin sanoin: \u201dMutta erityisen tarkkana meid\u00e4n tulisi olla nimenomaan n\u00e4iden omaehtoisesti ty\u00f6tt\u00f6m\u00e4n\u00e4 olevien ihmisten suhteen, eli heit\u00e4 pit\u00e4isi nyt vastuuttaa, jotta heill\u00e4 olisi nimenomaan mahdollisuus t\u00e4m\u00e4n hyvinvointiyhteiskunnan yll\u00e4pit\u00e4miseen omalla panoksellaan sen sijaan, ett\u00e4 heille sallitaan joutenolo ty\u00f6t\u00e4 tekevien kustannuksella\u201d (Karkkola, 2023). Kansanedustaja Piisinen viittasi aikaisemmin puheenvuorossaan ideologisesti &hellip; <\/p>\n","protected":false},"author":1,"featured_media":2025,"comment_status":"open","ping_status":"open","sticky":false,"template":"","format":"standard","meta":[],"categories":[405,82],"tags":[101,74],"_links":{"self":[{"href":"https:\/\/www.sosiologi.fi\/index.php?rest_route=\/wp\/v2\/posts\/2006"}],"collection":[{"href":"https:\/\/www.sosiologi.fi\/index.php?rest_route=\/wp\/v2\/posts"}],"about":[{"href":"https:\/\/www.sosiologi.fi\/index.php?rest_route=\/wp\/v2\/types\/post"}],"author":[{"embeddable":true,"href":"https:\/\/www.sosiologi.fi\/index.php?rest_route=\/wp\/v2\/users\/1"}],"replies":[{"embeddable":true,"href":"https:\/\/www.sosiologi.fi\/index.php?rest_route=%2Fwp%2Fv2%2Fcomments&post=2006"}],"version-history":[{"count":9,"href":"https:\/\/www.sosiologi.fi\/index.php?rest_route=\/wp\/v2\/posts\/2006\/revisions"}],"predecessor-version":[{"id":2051,"href":"https:\/\/www.sosiologi.fi\/index.php?rest_route=\/wp\/v2\/posts\/2006\/revisions\/2051"}],"wp:featuredmedia":[{"embeddable":true,"href":"https:\/\/www.sosiologi.fi\/index.php?rest_route=\/wp\/v2\/media\/2025"}],"wp:attachment":[{"href":"https:\/\/www.sosiologi.fi\/index.php?rest_route=%2Fwp%2Fv2%2Fmedia&parent=2006"}],"wp:term":[{"taxonomy":"category","embeddable":true,"href":"https:\/\/www.sosiologi.fi\/index.php?rest_route=%2Fwp%2Fv2%2Fcategories&post=2006"},{"taxonomy":"post_tag","embeddable":true,"href":"https:\/\/www.sosiologi.fi\/index.php?rest_route=%2Fwp%2Fv2%2Ftags&post=2006"}],"curies":[{"name":"wp","href":"https:\/\/api.w.org\/{rel}","templated":true}]}}