{"id":502,"date":"2015-11-10T15:51:39","date_gmt":"2015-11-10T13:51:39","guid":{"rendered":"http:\/\/www.sosiologi.fi\/?p=502"},"modified":"2016-11-02T22:57:06","modified_gmt":"2016-11-02T20:57:06","slug":"paneeli-26-11-helsingissakuka-kelpaa-sosiologiksi","status":"publish","type":"post","link":"https:\/\/www.sosiologi.fi\/?p=502","title":{"rendered":"Sosiologip\u00e4iv\u00e4t Jyv\u00e4skyl\u00e4ss\u00e4 17.-18.3"},"content":{"rendered":"<p><strong>Sosiologip\u00e4iv\u00e4t ovat jo ovella ja ohessa on muutama hy\u00f6dyllinen vinkki mainioon Sosiologip\u00e4iv\u00e4el\u00e4mykseen<\/strong><\/p>\n<ul>\n<li>P\u00e4ivien virallinen ohjelma ty\u00f6ryhmineen ja yleisesitelmineen:<\/li>\n<\/ul>\n<p style=\"padding-left: 60px;\">http:\/\/westermarck.fi\/sosiologipaivat\/ohjelma\/<\/p>\n<ul>\n<li>Opiskelijoiden varjo-ohjelma<\/li>\n<\/ul>\n<p style=\"padding-left: 60px;\"><span style=\"text-decoration: underline;\">Keskiviikolle<\/span> on luvassa opiskelijoiden tapaamista kulttuuriravintola Yl\u00e4-Ruthissa. Facebook event osoitteessa: https:\/\/www.facebook.com\/events\/1691195744470190\/<\/p>\n<p style=\"padding-left: 60px;\"><span style=\"text-decoration: underline;\">Torstaille<\/span> on luvassa Sosiologisitsej\u00e4 ja saunaa. Facebook event osoitteessa: https:\/\/www.facebook.com\/events\/1701032606824955\/<\/p>\n<ul>\n<li style=\"padding-left: 30px;\">Wopin omat nettisivut https:\/\/sosiologia.wordpress.com\/<\/li>\n<\/ul>\n<p><a href=\"http:\/\/www.sosiologi.fi\/wp-content\/uploads\/sosiologip\u00e4iv\u00e4t.jpg\"><img loading=\"lazy\" class=\"alignnone size-large wp-image-568\" src=\"http:\/\/www.sosiologi.fi\/wp-content\/uploads\/sosiologip\u00e4iv\u00e4t-1024x147.jpg\" alt=\"sosiologip\u00e4iv\u00e4t\" width=\"620\" height=\"89\" srcset=\"https:\/\/www.sosiologi.fi\/wp-content\/uploads\/sosiologip\u00e4iv\u00e4t-1024x147.jpg 1024w, https:\/\/www.sosiologi.fi\/wp-content\/uploads\/sosiologip\u00e4iv\u00e4t-300x43.jpg 300w\" sizes=\"(max-width: 620px) 100vw, 620px\" \/><\/a><\/p>\n<p><span class=\"_fbReactionComponent__eventDetailsContent fsl\">\u00a0<\/span><\/p>\n","protected":false},"excerpt":{"rendered":"<p>Sosiologip\u00e4iv\u00e4t ovat jo ovella ja ohessa on muutama hy\u00f6dyllinen vinkki mainioon Sosiologip\u00e4iv\u00e4el\u00e4mykseen P\u00e4ivien virallinen ohjelma ty\u00f6ryhmineen ja yleisesitelmineen: http:\/\/westermarck.fi\/sosiologipaivat\/ohjelma\/ Opiskelijoiden varjo-ohjelma Keskiviikolle on luvassa opiskelijoiden tapaamista kulttuuriravintola Yl\u00e4-Ruthissa. Facebook event osoitteessa: https:\/\/www.facebook.com\/events\/1691195744470190\/ Torstaille on luvassa Sosiologisitsej\u00e4 ja saunaa. Facebook event osoitteessa: https:\/\/www.facebook.com\/events\/1701032606824955\/ Wopin omat nettisivut https:\/\/sosiologia.wordpress.com\/ \u00a0<\/p>\n","protected":false},"author":1,"featured_media":0,"comment_status":"open","ping_status":"open","sticky":false,"template":"","format":"standard","meta":[],"categories":[117,23],"tags":[],"_links":{"self":[{"href":"https:\/\/www.sosiologi.fi\/index.php?rest_route=\/wp\/v2\/posts\/502"}],"collection":[{"href":"https:\/\/www.sosiologi.fi\/index.php?rest_route=\/wp\/v2\/posts"}],"about":[{"href":"https:\/\/www.sosiologi.fi\/index.php?rest_route=\/wp\/v2\/types\/post"}],"author":[{"embeddable":true,"href":"https:\/\/www.sosiologi.fi\/index.php?rest_route=\/wp\/v2\/users\/1"}],"replies":[{"embeddable":true,"href":"https:\/\/www.sosiologi.fi\/index.php?rest_route=%2Fwp%2Fv2%2Fcomments&post=502"}],"version-history":[{"count":4,"href":"https:\/\/www.sosiologi.fi\/index.php?rest_route=\/wp\/v2\/posts\/502\/revisions"}],"predecessor-version":[{"id":570,"href":"https:\/\/www.sosiologi.fi\/index.php?rest_route=\/wp\/v2\/posts\/502\/revisions\/570"}],"wp:attachment":[{"href":"https:\/\/www.sosiologi.fi\/index.php?rest_route=%2Fwp%2Fv2%2Fmedia&parent=502"}],"wp:term":[{"taxonomy":"category","embeddable":true,"href":"https:\/\/www.sosiologi.fi\/index.php?rest_route=%2Fwp%2Fv2%2Fcategories&post=502"},{"taxonomy":"post_tag","embeddable":true,"href":"https:\/\/www.sosiologi.fi\/index.php?rest_route=%2Fwp%2Fv2%2Ftags&post=502"}],"curies":[{"name":"wp","href":"https:\/\/api.w.org\/{rel}","templated":true}]}}